{"id":76,"date":"2016-10-06T08:31:59","date_gmt":"2016-10-06T06:31:59","guid":{"rendered":"http:\/\/bodensee.land\/?p=76"},"modified":"2016-08-10T19:35:28","modified_gmt":"2016-08-10T17:35:28","slug":"gustav-bietet-exklusives-genuss-repertoire","status":"publish","type":"post","link":"http:\/\/bodensee.land\/?p=76","title":{"rendered":"Gustav bietet exklusives Genuss-Repertoire"},"content":{"rendered":"<p>#diegustav #messedornbirn<\/p>\n<h3>Regionale, nationale und internationale Topk\u00f6che bei den Chef\u00b4s Tables und den Chef\u00b4s Tastings<\/h3>\n<p><b>Bereits zum vierten Mal begr\u00fc\u00dft die Gustav, der internationale Salon f\u00fcr Konsumkultur, vom 28. bis zum 30. Oktober Liebhaber von Design, Genuss und Nachhaltigkeit in den Hallen der Messe Dornbirn. Zelebriert wird der gute Geschmack in allen Lebensbereichen. F\u00fcr den kulinarischen H\u00f6hepunkt sorgt neben den zahlreichen Ausstellern aus dem Genuss-Bereich der Chef\u00b4s Table Bodensee mit Spitzenk\u00f6chen wie Mike S\u00fcsser oder Vitus Winkler. Erg\u00e4nzt wird das kulinarische Angebot 2016 erstmals durch die Chef\u00b4s Tastings.<\/b><\/p>\n<p>Die Gustav, das einzigartige Format der Messe Dornbirn, bietet Zeit und Raum f\u00fcr den guten Geschmack. Ansprechend inszeniert pr\u00e4sentiert der Salon in neun R\u00e4umen eine Selektion aus verantwortungsvollem Design, Mode und Kulinarik. \u201eIm Zentrum der Gustav steht der nachhaltige, wertige Lebensstil. Gaumenfreuden aus Meisterhand nehmen wie jedes Jahr beim Chef\u2019s Table Bodensee und den Chef\u00b4s Tastings einen besonderen Status ein\u201c, erkl\u00e4rt Projektleiter Patrick Malang.<\/p>\n<p><strong>\u201eVorarlberg isst\u2026\u201c pr\u00e4sentiert Chef\u00b4s Table Bodensee<\/strong><br \/>\nRegionale, nationale und internationale Spitzenk\u00f6che erm\u00f6glichen bei den insgesamt acht Chef\u00b4s Tables jeweils vierzig Personen weit mehr als einen Blick in die Kocht\u00f6pfe. W\u00e4hrend der Zubereitung der edlen Speisen k\u00f6nnen Besucher spontan mitwirken und mit den Stars der Kochszene Fachwissen austauschen. Im Anschluss an die exklusiven Kochwerkst\u00e4tten genie\u00dfen G\u00e4ste und K\u00f6che gemeinsam die Gourmet-Men\u00fcs. Der Chef\u00b4s Table Bodensee wird von \u201eVorarlberg isst\u2026\u201c pr\u00e4sentiert. Die Initiative der Fachgruppen Gastronomie und Hotellerie versteht sich als Botschafter der qualit\u00e4tsreichen Vorarlberger Gastronomie.<\/p>\n<p><strong>Koordinator Mike P. Pansi<\/strong><br \/>\nMike P. Pansi brennt f\u00fcr seine Profession. Der leidenschaftliche Koch ist Koch der K\u00f6che 2014, Pr\u00e4sident des Vorarlberger Kochverbandes, Vizepr\u00e4sident des Verbandes der K\u00f6che \u00d6sterreich, Botschafter der ALPEN Culinary und Gr\u00fcnder der Xieberger K\u00fcchenbullen. 2016 \u00fcbernimmt er zum ersten Mal die Koordination der Chef\u00b4s Tables. Dem weitgereisten Koch und Gastronomen liegt der behutsame, respektvolle Umgang mit Lebensmitteln und der kulinarischen Kultur am Herzen. \u201eIch m\u00f6chte das Feuer f\u00fcr das Kochen entfachen, die Leidenschaft wecken und zeigen, dass Genuss fair gestaltet sein kann. Die Gustav ist daf\u00fcr der ideale Ort\u201c, so Pansi.<\/p>\n<p><strong>Topk\u00f6che teilen Begeisterung und geben Einblicke<\/strong><br \/>\nEiner der Chef\u2019s auf der Gustav ist Mike S\u00fcsser. 2004 er\u00f6ffnete er das erste Kochstudio Ober\u00f6sterreichs und z\u00e4hlte 2014 zu den 20 Top K\u00f6chen \u00d6sterreichs. Dazwischen wurde er mit verschiedenen TV-Formaten zu einem der bekanntesten K\u00f6che Deutschlands und \u00d6sterreichs. S\u00fcsser wird die Gustav in sein pers\u00f6nliches Kochstudio verwandeln und sein K\u00f6nnen und seine Begeisterung mit den G\u00e4sten seines Chef\u00b4s Tables teilen. Ebenfalls zu Gast in Dornbirn ist der Zwei-Hauben-Koch Vitus Winkler. In Winklers Kreationen soll die Natur der Heimat zu schmecken sein. Im Rahmen der Chef\u00b4s Tables gibt der Chef von Vitus Cooking Einblicke in sein Kochuniversum. Die weiteren Stark\u00f6che beim Chef\u2019s Table Bodensee sind Christian Rescher, Johann Reisinger, Kai Schneller &#038; Klaus Pfeiler, Marcel Thiele, Sascha Kemmerer sowie Thomas M. Walkensteiner &#038; Ulrike Griesser.<\/p>\n<figure id=\"attachment_10707\" aria-describedby=\"caption-attachment-10707\" style=\"width: 600px\" class=\"wp-caption alignleft\"><img loading=\"lazy\" decoding=\"async\" src=\"http:\/\/www.schechler.com\/see-infos\/wp-content\/uploads\/2016\/08\/Vitus_Winkler-001.jpg\" alt=\"Zwei-Hauben-Koch Vitus Winkler l\u00e4sst sich bei der Gustav in die T\u00f6pfe schauen. (Copyright:Vitus Winkler)\" width=\"600\" height=\"472\" class=\"size-full wp-image-10707\" \/><figcaption id=\"caption-attachment-10707\" class=\"wp-caption-text\">Zwei-Hauben-Koch Vitus Winkler l\u00e4sst sich bei der Gustav in die T\u00f6pfe schauen. (Copyright:Vitus Winkler)<\/figcaption><\/figure>\n<p><strong>Chef\u00b4s Tastings wecken Neugier<\/strong><br \/>\nF\u00fcr die Besucher der Gustav schafft der Salon 2016 mit den Chef\u00b4s Tastings ein weiteres Angebot, um raffinierte Kochkunst hautnah zu erlebe. In einer offenen Showk\u00fcche geben sechs Kochk\u00fcnstler von ausgew\u00e4hlten, regionalen Gastronomiebetrieben ihr K\u00f6nnen zum Besten und laden zum Probieren ein. \u201eExzellenter Genuss und Geschmack entstehen aus Neugier. Wir m\u00f6chten mit den Chef\u00b4s Tastings unser Publikum an diesen kreativen K\u00f6stlichkeiten teilhaben lassen\u201c, er\u00f6rtert Patrick Malang.<\/p>\n<p><strong>Alles Sch\u00f6ne und Exklusive im Mittelpunkt<\/strong><br \/>\nNachhaltiger Konsum hat vielf\u00e4ltige Erscheinungsformen. Neben dem Genuss-Bereich setzen die Sch\u00f6pfer der Gustav den zweiten Fokus auf das Thema Design. Die handwerkliche Verarbeitung, die Materialqualit\u00e4t und die Langlebigkeit der angebotenen Produkte stehen auch hier stets im Vordergrund. So erlaubt auch das Rahmenprogramm des Salons f\u00fcr Konsumkultur mit den \u201eGustav Ateliers\u201c und den \u201eSalongespr\u00e4chen\u201c tiefe Einblicke in die Welt des entschleunigten und bewussten Konsums.<\/p>\n<p>Mehr Informationen unter: <a href=\"http:\/\/www.diegustav.com\" target=\"_blank\">www.diegustav.com<\/a>  <\/p>\n<p>FACTBOX:<br \/>\nGustav \u2013 Zeit und Raum f\u00fcr guten Geschmack<br \/>\nInternationaler Salon f\u00fcr Konsumkultur<br \/>\nMesse Dornbirn, Messeplatz 1, 6850 Dornbirn (Vorarlberg, AT)<br \/>\n Preview: Freitag, 28. Oktober 2016, 18 bis 22 Uhr<br \/>\n Samstag, 29. Oktober 2016 , 10 bis 20 Uhr<br \/>\n Sonntag, 30. Oktober 2016, 10 bis 18 Uhr<\/p>\n","protected":false},"excerpt":{"rendered":"<p>#diegustav #messedornbirn Regionale, nationale und internationale Topk\u00f6che bei den Chef\u00b4s Tables und den Chef\u00b4s Tastings Bereits zum vierten Mal begr\u00fc\u00dft die Gustav, der internationale Salon f\u00fcr Konsumkultur, vom 28. bis zum 30. Oktober Liebhaber von Design, Genuss und Nachhaltigkeit in<\/p>\n","protected":false},"author":1,"featured_media":0,"comment_status":"closed","ping_status":"closed","sticky":false,"template":"","format":"standard","meta":{"footnotes":""},"categories":[1],"tags":[],"class_list":["post-76","post","type-post","status-publish","format-standard","hentry","category-uncategorized"],"_links":{"self":[{"href":"http:\/\/bodensee.land\/index.php?rest_route=\/wp\/v2\/posts\/76","targetHints":{"allow":["GET"]}}],"collection":[{"href":"http:\/\/bodensee.land\/index.php?rest_route=\/wp\/v2\/posts"}],"about":[{"href":"http:\/\/bodensee.land\/index.php?rest_route=\/wp\/v2\/types\/post"}],"author":[{"embeddable":true,"href":"http:\/\/bodensee.land\/index.php?rest_route=\/wp\/v2\/users\/1"}],"replies":[{"embeddable":true,"href":"http:\/\/bodensee.land\/index.php?rest_route=%2Fwp%2Fv2%2Fcomments&post=76"}],"version-history":[{"count":1,"href":"http:\/\/bodensee.land\/index.php?rest_route=\/wp\/v2\/posts\/76\/revisions"}],"predecessor-version":[{"id":77,"href":"http:\/\/bodensee.land\/index.php?rest_route=\/wp\/v2\/posts\/76\/revisions\/77"}],"wp:attachment":[{"href":"http:\/\/bodensee.land\/index.php?rest_route=%2Fwp%2Fv2%2Fmedia&parent=76"}],"wp:term":[{"taxonomy":"category","embeddable":true,"href":"http:\/\/bodensee.land\/index.php?rest_route=%2Fwp%2Fv2%2Fcategories&post=76"},{"taxonomy":"post_tag","embeddable":true,"href":"http:\/\/bodensee.land\/index.php?rest_route=%2Fwp%2Fv2%2Ftags&post=76"}],"curies":[{"name":"wp","href":"https:\/\/api.w.org\/{rel}","templated":true}]}}