{"id":1382,"date":"2026-04-25T22:06:53","date_gmt":"2026-04-25T20:06:53","guid":{"rendered":"http:\/\/bodensee.land\/?p=1382"},"modified":"2026-04-25T22:07:15","modified_gmt":"2026-04-25T20:07:15","slug":"53-internationale-flottensternfahrt-schiffe-bilden-stern-auf-dem-bodensee","status":"publish","type":"post","link":"http:\/\/bodensee.land\/?p=1382","title":{"rendered":"53. Internationale Flottensternfahrt: Schiffe bilden Stern auf dem Bodensee"},"content":{"rendered":"<p>#bodensee #sternfahrt<\/p>\n<p><strong>Mit einem eindrucksvollen Schauspiel auf dem Bodensee ist am Samstagnachmittag die neue Saison der \u201eWei\u00dfen Flotte\u201c er\u00f6ffnet worden. Sechs Schiffe der Vereinigten Schifffahrtsunternehmen f\u00fcr den Bodensee und Rhein (VSU) formierten sich vor Romanshorn zu einem Stern \u2013 ein pr\u00e4zise choreografiertes Man\u00f6ver, das den H\u00f6hepunkt der 53. Internationalen Flottensternfahrt markierte.<\/strong><\/p>\n<p>Ziel der traditionellen Sternfahrt war der Heimathafen der Schweizerische Bodensee-Schifffahrt AG, die zugleich Gastgeberin des maritimen Hafenfests ist. Tausende Besucherinnen und Besucher erlebten ein Wochenende voller Attraktionen \u2013 von Technik-Erlebniswelten bis hin zu familienfreundlichen Angeboten direkt am Wasser.<\/p>\n<figure id=\"attachment_1384\" aria-describedby=\"caption-attachment-1384\" style=\"width: 600px\" class=\"wp-caption alignleft\"><img loading=\"lazy\" decoding=\"async\" src=\"http:\/\/bodensee.land\/wp-content\/uploads\/2026\/04\/Stern_Deckperspektive-1.jpg\" alt=\"\" width=\"600\" height=\"450\" class=\"size-full wp-image-1384\" srcset=\"http:\/\/bodensee.land\/wp-content\/uploads\/2026\/04\/Stern_Deckperspektive-1.jpg 600w, http:\/\/bodensee.land\/wp-content\/uploads\/2026\/04\/Stern_Deckperspektive-1-300x225.jpg 300w\" sizes=\"auto, (max-width: 600px) 100vw, 600px\" \/><figcaption id=\"caption-attachment-1384\" class=\"wp-caption-text\">Fotos Stern aus Deck-Perspektive: Die Schiffe kamen sich bei der Sekt\u00fcbergabe ganz nah. Foto: VSU<\/figcaption><\/figure>\n<p>Die Sternformation auf dem See verlangte den Kapit\u00e4ninnen und Kapit\u00e4nen h\u00f6chste Pr\u00e4zision ab. Die Schiffe n\u00e4herten sich dabei auf engstem Raum an, ohne ihre sichere Distanz zu verlieren. Im Anschluss bildeten die Schiffe sogenannte \u201eP\u00e4rchen\u201c: Besatzungen reichten sich die Hand, tauschten Sektflaschen aus und l\u00e4uteten so symbolisch die neue Saison ein. An Bord sorgte diese Inszenierung f\u00fcr Staunen und begeisterten Applaus. Traditionell stimmten G\u00e4ste und Crews gemeinsam das Lied \u201eDie Fischerin vom Bodensee\u201c an.<\/p>\n<p>Beim anschlie\u00dfenden Kapit\u00e4nsempfang im Kornhaus begr\u00fc\u00dfte Benno Gm\u00fcr, Verwaltungsratspr\u00e4sident der SBS, die internationalen G\u00e4ste: \u201eMit dem maritimen Hafenfest und den zahlreichen Attraktionen sagen wir herzlich willkommen und w\u00fcnschen einen interessanten sowie entspannten Aufenthalt.\u201c<\/p>\n<p>Auch Stadtpr\u00e4sident Roger Martin hie\u00df die Besucher aus Deutschland, \u00d6sterreich und der Schweiz willkommen. Romanshorn freue sich, den Saisonauftakt und ersten H\u00f6hepunkt der \u201eWei\u00dfen Flotte\u201c ausrichten zu d\u00fcrfen. Den Kapit\u00e4ninnen und Kapit\u00e4nen w\u00fcnschte er eine erfolgreiche Saison und die sprichw\u00f6rtliche \u201eHandbreit Wasser unter dem Kiel\u201c.<\/p>\n<figure id=\"attachment_1383\" aria-describedby=\"caption-attachment-1383\" style=\"width: 600px\" class=\"wp-caption alignleft\"><img loading=\"lazy\" decoding=\"async\" src=\"http:\/\/bodensee.land\/wp-content\/uploads\/2026\/04\/KapitaenInnen-1.jpg\" alt=\"\" width=\"600\" height=\"400\" class=\"size-full wp-image-1383\" srcset=\"http:\/\/bodensee.land\/wp-content\/uploads\/2026\/04\/KapitaenInnen-1.jpg 600w, http:\/\/bodensee.land\/wp-content\/uploads\/2026\/04\/KapitaenInnen-1-300x200.jpg 300w\" sizes=\"auto, (max-width: 600px) 100vw, 600px\" \/><figcaption id=\"caption-attachment-1383\" class=\"wp-caption-text\">Foto Schiffsf\u00fchrer: Beim Kapit\u00e4nsempfang in Romanshorn gab es Geschenke f\u00fcr die Schiffsf\u00fchrer der beteiligten Schiffe. Foto: VSU\/ Theresia Keck<\/figcaption><\/figure>\n<p>Dr. Norbert Reuter, Vorsitzender der VSU, betonte die Bedeutung der grenz\u00fcberschreitenden Zusammenarbeit: \u201eWir gehen mit viel Freude und Engagement in diese Saison. Unsere Fahrten stehen f\u00fcr Erholung, Entschleunigung und eine Auszeit vom Alltag.\u201c Sein Wunsch f\u00fcr die kommenden Monate: unfallfreie Fahrten und m\u00f6glichst viel Sonnenschein.<\/p>\n<p>Die \u201eWei\u00dfe Flotte\u201c ist l\u00e4ngst ein fester Begriff rund um den Bodensee. Gemeint sind die Kurs- und Ausflugsschiffe der vier gro\u00dfen Reedereien aus Deutschland, \u00d6sterreich und der Schweiz, die im Rahmen der VSU einen gemeinsamen Fahrplan und einheitliche Tarife anbieten. Bis Mitte Oktober verbinden die Schiffe zahlreiche St\u00e4dte und Ausflugsziele rund um den See.<\/p>\n<p>Auch 2026 wartet die Saison mit einem vielf\u00e4ltigen Programm auf. Neben bew\u00e4hrten Angeboten wie den Fahrten zu den Bregenzer Festspielen stehen zahlreiche Themenfahrten auf dem Plan \u2013 von kulturellen bis hin zu kulinarischen Erlebnissen. Damit bleibt die Schifffahrt auf dem Bodensee nicht nur Transportmittel, sondern vor allem eines: ein Erlebnis.<\/p>\n","protected":false},"excerpt":{"rendered":"<p>#bodensee #sternfahrt Mit einem eindrucksvollen Schauspiel auf dem Bodensee ist am Samstagnachmittag die neue Saison der \u201eWei\u00dfen Flotte\u201c er\u00f6ffnet worden. Sechs Schiffe der Vereinigten Schifffahrtsunternehmen f\u00fcr den Bodensee und Rhein (VSU) formierten sich vor Romanshorn zu einem Stern \u2013 ein<\/p>\n","protected":false},"author":1,"featured_media":0,"comment_status":"closed","ping_status":"closed","sticky":false,"template":"","format":"standard","meta":{"footnotes":""},"categories":[1],"tags":[22,18],"class_list":["post-1382","post","type-post","status-publish","format-standard","hentry","category-uncategorized","tag-bodensee","tag-schiffe"],"_links":{"self":[{"href":"http:\/\/bodensee.land\/index.php?rest_route=\/wp\/v2\/posts\/1382","targetHints":{"allow":["GET"]}}],"collection":[{"href":"http:\/\/bodensee.land\/index.php?rest_route=\/wp\/v2\/posts"}],"about":[{"href":"http:\/\/bodensee.land\/index.php?rest_route=\/wp\/v2\/types\/post"}],"author":[{"embeddable":true,"href":"http:\/\/bodensee.land\/index.php?rest_route=\/wp\/v2\/users\/1"}],"replies":[{"embeddable":true,"href":"http:\/\/bodensee.land\/index.php?rest_route=%2Fwp%2Fv2%2Fcomments&post=1382"}],"version-history":[{"count":1,"href":"http:\/\/bodensee.land\/index.php?rest_route=\/wp\/v2\/posts\/1382\/revisions"}],"predecessor-version":[{"id":1385,"href":"http:\/\/bodensee.land\/index.php?rest_route=\/wp\/v2\/posts\/1382\/revisions\/1385"}],"wp:attachment":[{"href":"http:\/\/bodensee.land\/index.php?rest_route=%2Fwp%2Fv2%2Fmedia&parent=1382"}],"wp:term":[{"taxonomy":"category","embeddable":true,"href":"http:\/\/bodensee.land\/index.php?rest_route=%2Fwp%2Fv2%2Fcategories&post=1382"},{"taxonomy":"post_tag","embeddable":true,"href":"http:\/\/bodensee.land\/index.php?rest_route=%2Fwp%2Fv2%2Ftags&post=1382"}],"curies":[{"name":"wp","href":"https:\/\/api.w.org\/{rel}","templated":true}]}}