{"id":103,"date":"2016-11-08T08:44:00","date_gmt":"2016-11-08T07:44:00","guid":{"rendered":"http:\/\/bodensee.land\/?p=103"},"modified":"2016-11-20T15:58:05","modified_gmt":"2016-11-20T14:58:05","slug":"gusto-kitzelt-den-gaumen","status":"publish","type":"post","link":"http:\/\/bodensee.land\/?p=103","title":{"rendered":"gusto! kitzelt den Gaumen"},"content":{"rendered":"<p>#gusto #Feinschmecker #messe #Oberschwabenhalle<\/p>\n<p>gusto! &#8211; DIE GENUSSMESSE<br \/>\n18. BIS 20. NOVEMBER 2016<br \/>\nOBERSCHWABENHALLE &#8211; RAVENSBURG <\/p>\n<h3>5. Feinschmecker-Messe vom 18. bis 20. November 2016 in der Oberschwabenhalle<\/h3>\n<p><strong>Ravensburg \u2013 Diese Messe wird wieder ein Genuss: Bereits zum 5. Mal lockt die gusto! Feinschmecker der Region in die Oberschwabenhalle Ravensburg. Vom 18. bis 20. November dreht sich alles um hochwertige Lebensmittel, regionale und internationale Spezialit\u00e4ten sowie nachhaltige Anbaumethoden und alternative Zubereitungsm\u00f6glicheiten. Rund 80 Aussteller werden erwartet.<\/strong><\/p>\n<p>Klasse statt Masse ist es, was hier auf der Zunge zergeht: Genie\u00dfen und neue K\u00f6stlichkeiten entdecken sind die Hauptgr\u00fcnde f\u00fcr einen gusto!-Besuch. Projektleiterin Dr. Gabriele Asshoff schildert: \u201eZur gusto! kommen Genie\u00dfer aller Altersklassen. Alle eint das Interesse an hochwertigen Lebensmitteln und gutem Essen. An wei\u00df gedeckten Tafeln lernt man so manchen gleichgesinnten Feinschmecker kennen und entdeckt neue K\u00f6stlichkeiten.&#8220; Die 80 Aussteller garantieren wieder eine kulinarische Entdeckungsreise quer durch alle Geschmacksrichtungen. Drei Tage lang herrscht in der Oberschwabenhalle Genie\u00dfermarkt-Atmosph\u00e4re und die Vielfalt kennt kaum Grenzen. Weing\u00fcter pr\u00e4sentieren ihre Weine. Lokale Brauereien schenken ein. Es gibt Fleisch und Fisch, vegetarische und vegane Leckereien. Ein Einkaufsparadies f\u00fcr alle Feinschmecker und Hobbyk\u00f6che, die gut essen und trinken, Neues entdecken und sich inspirieren lassen m\u00f6chten.<\/p>\n<figure id=\"attachment_12635\" aria-describedby=\"caption-attachment-12635\" style=\"width: 600px\" class=\"wp-caption alignleft\"><img loading=\"lazy\" decoding=\"async\" src=\"http:\/\/www.schechler.com\/see-infos\/wp-content\/uploads\/2016\/11\/JAK4151.jpg\" alt=\"gusto!  Foto &copy; Reinhard Jakubek \" width=\"600\" height=\"400\" class=\"size-full wp-image-12635\" \/><figcaption id=\"caption-attachment-12635\" class=\"wp-caption-text\">gusto!  Foto &copy; Reinhard Jakubek<\/figcaption><\/figure>\n<p><strong>Lupinenkaffee und schwarze Waln\u00fcsse<\/strong><br \/>\nAusstellerin Linda Kelly stellt in Ihrem Familienbetrieb in Herdwangen eine wohlschmeckende und koffeinfreie Kaffee-Alternative aus S\u00fc\u00dflupinen her. Lupinello hei\u00dft dieser im Langzeitr\u00f6stverfahren hergestellte Bioland-&#8222;Kaffee&#8220;, den es auf der gusto! zu probieren und kaufen gibt. Auch die schwarzen N\u00fcsse von Bernhard Rankel aus Potzneusiedl in \u00d6sterreich gelten als Delikatesse zu Wild oder K\u00e4se. D\u00fcnn aufgeschnitten verfeinern Sie so manches Dessert und sehen zudem dekorativ aus. Aufw\u00e4ndig von Hand verarbeitet, erhalten die gr\u00fcn geernteten Waln\u00fcsse durch Einlegen in karamellisierten Zucker, Balsamicoessig und Gew\u00fcrze ihre charakteristische schwarze Farbe und ihren feinen Geschmack.<\/p>\n<p><strong>500 Jahre deutsches Reinheitsgebot<\/strong><br \/>\nDas deutsche Reinheitsgebot hat Geburtstag. Zahlreiche lokale Brauereien nehmen dies zum Anlass, um auf der gusto! mit Bierverkostungen und fachkundiger Beratung die hohe Kunst des Bierbrauens zu pr\u00e4sentieren. Ihre k\u00f6nigliche Hoheit, die Hopfenk\u00f6nigin Regina Mack wird der gusto! ihre Aufwartung machen und am Freitag den Besuchern f\u00fcr alle Fragen zum Thema Bier und Braukultur zur Verf\u00fcgung stehen. Unterst\u00fctzt wird das Thema durch Exponate aus dem Wirtschaftmuseum Ravensburg in Zusammenarbeit mit dem Museumsleiter Christian von der Heydt und dem Hopfenmuseum Tettnang. Neue Geschmacksrichtungen au\u00dfergew\u00f6hnlicher Craft-Biere und Vorf\u00fchrungen an einer mobilen Brauanlage erwarten die Besucher das gesamte Wochenende.<\/p>\n<p><strong>BODENSEE BBQ WEEK<\/strong><br \/>\nDas Grill- und Barbecue-Fachmagazin FIRE&amp;FOOD bringt die BODENSEE BBQ WEEK auf die gusto!. Grillger\u00e4te mit vielf\u00e4ltigem Zubeh\u00f6r, dryaged Fleisch und weitere Spezialit\u00e4ten werden in einer urigen Zeltstadt mit Rauch, Feuer und Musik zum Verkauf angeboten. Am Samstag wird als weiteres Highlight erstmalig ein Dutch Oven Wettbewerb auf der gusto! ausgetragen. Die Essenszubereitung in den \u201eBlack Pots\u201cgewinnt immer mehr Freunde und verspricht einen spannenden Wettbewerb.<\/p>\n<p><strong>Kochshows: Fleisch bis vegane K\u00f6stlichkeiten<\/strong><br \/>\nBei Live-Kochshows lassen sich Profis \u00fcber die Schulter blicken, darunter Astrid Kamke vom Kochgarten Aulendorf, die K\u00e4se vegan zubereitet und Grillpapst Klaus Winter mit seiner abwechslungsreichen Grillshow. Unterhaltsam zeigt Winter, wie auch zuhause kulinarische Spezialit\u00e4ten auf dem Grill gezaubert werden k\u00f6nnen.<\/p>\n<p>Informationen unter <a href=\"http:\/\/www.gusto-rv.de\" target=\"_blank\">www.gusto-rv.de<\/a><\/p>\n","protected":false},"excerpt":{"rendered":"<p>#gusto #Feinschmecker #messe #Oberschwabenhalle gusto! &#8211; DIE GENUSSMESSE 18. BIS 20. NOVEMBER 2016 OBERSCHWABENHALLE &#8211; RAVENSBURG 5. Feinschmecker-Messe vom 18. bis 20. November 2016 in der Oberschwabenhalle Ravensburg \u2013 Diese Messe wird wieder ein Genuss: Bereits zum 5. Mal lockt<\/p>\n","protected":false},"author":1,"featured_media":0,"comment_status":"closed","ping_status":"closed","sticky":false,"template":"","format":"standard","meta":{"footnotes":""},"categories":[1],"tags":[],"class_list":["post-103","post","type-post","status-publish","format-standard","hentry","category-uncategorized"],"_links":{"self":[{"href":"http:\/\/bodensee.land\/index.php?rest_route=\/wp\/v2\/posts\/103","targetHints":{"allow":["GET"]}}],"collection":[{"href":"http:\/\/bodensee.land\/index.php?rest_route=\/wp\/v2\/posts"}],"about":[{"href":"http:\/\/bodensee.land\/index.php?rest_route=\/wp\/v2\/types\/post"}],"author":[{"embeddable":true,"href":"http:\/\/bodensee.land\/index.php?rest_route=\/wp\/v2\/users\/1"}],"replies":[{"embeddable":true,"href":"http:\/\/bodensee.land\/index.php?rest_route=%2Fwp%2Fv2%2Fcomments&post=103"}],"version-history":[{"count":1,"href":"http:\/\/bodensee.land\/index.php?rest_route=\/wp\/v2\/posts\/103\/revisions"}],"predecessor-version":[{"id":104,"href":"http:\/\/bodensee.land\/index.php?rest_route=\/wp\/v2\/posts\/103\/revisions\/104"}],"wp:attachment":[{"href":"http:\/\/bodensee.land\/index.php?rest_route=%2Fwp%2Fv2%2Fmedia&parent=103"}],"wp:term":[{"taxonomy":"category","embeddable":true,"href":"http:\/\/bodensee.land\/index.php?rest_route=%2Fwp%2Fv2%2Fcategories&post=103"},{"taxonomy":"post_tag","embeddable":true,"href":"http:\/\/bodensee.land\/index.php?rest_route=%2Fwp%2Fv2%2Ftags&post=103"}],"curies":[{"name":"wp","href":"https:\/\/api.w.org\/{rel}","templated":true}]}}